{"id":676,"date":"2015-09-18T09:44:12","date_gmt":"2015-09-18T08:44:12","guid":{"rendered":"http:\/\/www.din-amo.be\/?p=676"},"modified":"2015-09-18T09:44:12","modified_gmt":"2015-09-18T08:44:12","slug":"la-nature-quelle-aventure","status":"publish","type":"post","link":"https:\/\/www.din-amo.be\/?p=676","title":{"rendered":"La Nature&#8230;quelle Aventure !"},"content":{"rendered":"<p>Du 17 au 21 aout a eu lieu le stage nature.<\/p>\n<p>Le groupe \u00e9tait constitu\u00e9 de 15 enfants de 8 \u00e0 12 ans, pleins de curiosit\u00e9 et d\u2019entrain\u00a0!<\/p>\n<p>C\u2019est donc dans une ambiance positive que nous sommes partis \u00e0 la d\u00e9couverte de la for\u00eat bordant la Ferme Jacob.\u00a0 En cours d\u2019aventure, nous avons visit\u00e9 la Tour du Mill\u00e9naire et l\u2019avons escalad\u00e9e jusqu\u2019\u00e0 son sommet, ce qui pour certains, a pris la forme d\u2019un d\u00e9fi\u00a0pour vaincre le vertige.<\/p>\n<p>Quelle fiert\u00e9 d\u2019y \u00eatre parvenus et d\u2019admirer le panorama\u00a0!<\/p>\n<p>La construction de cabanes dans les bois a passionn\u00e9 tous les enfants, si bien qu\u2019ils ont invent\u00e9 eux-m\u00eames des techniques permettant de les rendre plus r\u00e9alistes.\u00a0 Ils les ont \u00e9galement agr\u00e9ment\u00e9es de balan\u00e7oires et autres cr\u00e9ations imaginaires.<\/p>\n<p>Un autre temps fort du stage\u00a0\u00e9tait l\u2019animation du Contrat de Rivi\u00e8re Haute Meuse sur le monde captivant des castors\u00a0! Apr\u00e8s un riche et ludique \u00e9change concernant leur mode vie (famille, nourriture, taille,\u2026), le groupe a pu partir explorer les traces de l\u2019animal et d\u00e9couvrir son habitat dans l\u2019environnement naturel.\u00a0 Nos petits explorateurs, tellement excit\u00e9s par leur mission n\u2019ont pu se r\u00e9soudre au calme que requiert l\u2019\u00e9ventuelle rencontre de l\u2019animal\u2026 mais qu\u2019importe, la sensibilisation au monde des castors a fait beaucoup d\u2019effet\u00a0!<\/p>\n<p>A la Ferme, la vie en groupe n\u00e9cessite une participation de chacun aux t\u00e2ches journali\u00e8res et tous les enfants s\u2019y sont pr\u00eat\u00e9s.\u00a0 Cela leur a permis de se rendre compte de l\u2019importance et de l\u2019utilit\u00e9 du rangement, de la compl\u00e9mentarit\u00e9 du travail de chacun pour la pr\u00e9paration des repas, de la n\u00e9cessit\u00e9 d\u2019une vaisselle bien faite et de l\u2019ambiance conviviale que peut amener une table joliment dress\u00e9e.\u00a0 M\u00eame si ces t\u00e2ches ne se font pas toujours dans un enthousiasme d\u00e9bordant, tous ont \u00e9t\u00e9 valoris\u00e9s et remerci\u00e9s pour cette collaboration qui s\u2019est faite dans le respect et la solidarit\u00e9.<\/p>\n<p>Ces valeurs sont rest\u00e9es pr\u00e9sentes tout au long du stage, de mani\u00e8re \u00e0 permettre \u00e0 chaque enfant de prendre sa place et \u00e0 accepter celle des autres.<\/p>\n<p>Le soir, autour d\u2019un grand feu, dans une ambiance chaleureuse et d\u00e9tendue, les enfants ont \u00e9t\u00e9 \u00e9merveill\u00e9s par a beaut\u00e9 des flammes, tout en \u00e9tant conscient de sa puissance et de sa potentielle dangerosit\u00e9\u2026 comme tous les \u00e9l\u00e9ments de la nature.<\/p>\n<p>Le stage s\u2019est cl\u00f4tur\u00e9 sur le recueil de l\u2019avis de chacun pour nous permettre d\u2019ajuster le programme la prochaine fois.\u00a0 Nous avons remerci\u00e9 tous les enfants pour leur participation, pour leur \u00e9tat d\u2019esprit positif et constructif\u00a0: tous les ingr\u00e9dients qui ont permis \u00e0 tous de passer un bon s\u00e9jour.<\/p>\n<p>En cinq jours, nous avons vu les enfants s\u2019amuser, se concentrer, se d\u00e9passer, cr\u00e9er, apprendre, se reposer et surtout grandir\u00a0!<\/p>\n<p>C\u00e9dric, Laura, Ludivine, Monique et Pierre<\/p>\n<p>&nbsp;<\/p>\n<p><a href=\"http:\/\/www.din-amo.be\/wp-content\/uploads\/2015\/09\/DSCN7752.jpg\"><img fetchpriority=\"high\" decoding=\"async\" width=\"225\" height=\"300\" class=\"alignnone size-medium wp-image-681\" src=\"http:\/\/www.din-amo.be\/wp-content\/uploads\/2015\/09\/DSCN7790-225x300.jpg\" alt=\"DSCN7790\" srcset=\"https:\/\/www.din-amo.be\/wp-content\/uploads\/2015\/09\/DSCN7790-225x300.jpg 225w, https:\/\/www.din-amo.be\/wp-content\/uploads\/2015\/09\/DSCN7790-768x1024.jpg 768w, https:\/\/www.din-amo.be\/wp-content\/uploads\/2015\/09\/DSCN7790-600x800.jpg 600w, https:\/\/www.din-amo.be\/wp-content\/uploads\/2015\/09\/DSCN7790-75x100.jpg 75w\" sizes=\"(max-width: 225px) 100vw, 225px\" \/><img decoding=\"async\" width=\"300\" height=\"225\" class=\"alignnone size-medium wp-image-678\" src=\"http:\/\/www.din-amo.be\/wp-content\/uploads\/2015\/09\/DSCN7752-300x225.jpg\" alt=\"DSCN7752\" srcset=\"https:\/\/www.din-amo.be\/wp-content\/uploads\/2015\/09\/DSCN7752-300x225.jpg 300w, https:\/\/www.din-amo.be\/wp-content\/uploads\/2015\/09\/DSCN7752-1024x768.jpg 1024w, https:\/\/www.din-amo.be\/wp-content\/uploads\/2015\/09\/DSCN7752-600x450.jpg 600w, https:\/\/www.din-amo.be\/wp-content\/uploads\/2015\/09\/DSCN7752-100x75.jpg 100w\" sizes=\"(max-width: 300px) 100vw, 300px\" \/><\/a> <a href=\"http:\/\/www.din-amo.be\/wp-content\/uploads\/2015\/09\/DSCN7772.jpg\"><img decoding=\"async\" width=\"300\" height=\"225\" class=\"alignnone size-medium wp-image-680\" src=\"http:\/\/www.din-amo.be\/wp-content\/uploads\/2015\/09\/DSCN7778-300x225.jpg\" alt=\"DSCN7778\" srcset=\"https:\/\/www.din-amo.be\/wp-content\/uploads\/2015\/09\/DSCN7778-300x225.jpg 300w, https:\/\/www.din-amo.be\/wp-content\/uploads\/2015\/09\/DSCN7778-1024x768.jpg 1024w, https:\/\/www.din-amo.be\/wp-content\/uploads\/2015\/09\/DSCN7778-600x450.jpg 600w, https:\/\/www.din-amo.be\/wp-content\/uploads\/2015\/09\/DSCN7778-100x75.jpg 100w\" sizes=\"(max-width: 300px) 100vw, 300px\" \/><img loading=\"lazy\" decoding=\"async\" width=\"300\" height=\"225\" class=\"alignnone size-medium wp-image-679\" src=\"http:\/\/www.din-amo.be\/wp-content\/uploads\/2015\/09\/DSCN7772-300x225.jpg\" alt=\"DSCN7772\" srcset=\"https:\/\/www.din-amo.be\/wp-content\/uploads\/2015\/09\/DSCN7772-300x225.jpg 300w, https:\/\/www.din-amo.be\/wp-content\/uploads\/2015\/09\/DSCN7772-1024x768.jpg 1024w, https:\/\/www.din-amo.be\/wp-content\/uploads\/2015\/09\/DSCN7772-600x450.jpg 600w, https:\/\/www.din-amo.be\/wp-content\/uploads\/2015\/09\/DSCN7772-100x75.jpg 100w\" sizes=\"(max-width: 300px) 100vw, 300px\" \/><\/a> \u00a0\u00a0<a href=\"http:\/\/www.din-amo.be\/wp-content\/uploads\/2015\/09\/DSCN7799.jpg\"><img loading=\"lazy\" decoding=\"async\" width=\"225\" height=\"300\" class=\"alignnone size-medium wp-image-682\" src=\"http:\/\/www.din-amo.be\/wp-content\/uploads\/2015\/09\/DSCN7799-225x300.jpg\" alt=\"DSCN7799\" srcset=\"https:\/\/www.din-amo.be\/wp-content\/uploads\/2015\/09\/DSCN7799-225x300.jpg 225w, https:\/\/www.din-amo.be\/wp-content\/uploads\/2015\/09\/DSCN7799-768x1024.jpg 768w, https:\/\/www.din-amo.be\/wp-content\/uploads\/2015\/09\/DSCN7799-600x800.jpg 600w, https:\/\/www.din-amo.be\/wp-content\/uploads\/2015\/09\/DSCN7799-75x100.jpg 75w\" sizes=\"(max-width: 225px) 100vw, 225px\" \/><\/a>\u00a0\u00a0<a href=\"http:\/\/www.din-amo.be\/wp-content\/uploads\/2015\/09\/DSCN7888.jpg\"><img loading=\"lazy\" decoding=\"async\" width=\"300\" height=\"225\" class=\"alignnone size-medium wp-image-686\" src=\"http:\/\/www.din-amo.be\/wp-content\/uploads\/2015\/09\/DSCN8003-300x225.jpg\" alt=\"DSCN8003\" srcset=\"https:\/\/www.din-amo.be\/wp-content\/uploads\/2015\/09\/DSCN8003-300x225.jpg 300w, https:\/\/www.din-amo.be\/wp-content\/uploads\/2015\/09\/DSCN8003-1024x768.jpg 1024w, https:\/\/www.din-amo.be\/wp-content\/uploads\/2015\/09\/DSCN8003-600x450.jpg 600w, https:\/\/www.din-amo.be\/wp-content\/uploads\/2015\/09\/DSCN8003-100x75.jpg 100w\" sizes=\"(max-width: 300px) 100vw, 300px\" \/><img loading=\"lazy\" decoding=\"async\" width=\"300\" height=\"225\" class=\"alignnone size-medium wp-image-687\" src=\"http:\/\/www.din-amo.be\/wp-content\/uploads\/2015\/09\/DSCN8041-300x225.jpg\" alt=\"DSCN8041\" srcset=\"https:\/\/www.din-amo.be\/wp-content\/uploads\/2015\/09\/DSCN8041-300x225.jpg 300w, https:\/\/www.din-amo.be\/wp-content\/uploads\/2015\/09\/DSCN8041-1024x768.jpg 1024w, https:\/\/www.din-amo.be\/wp-content\/uploads\/2015\/09\/DSCN8041-600x450.jpg 600w, https:\/\/www.din-amo.be\/wp-content\/uploads\/2015\/09\/DSCN8041-100x75.jpg 100w\" sizes=\"(max-width: 300px) 100vw, 300px\" \/><img loading=\"lazy\" decoding=\"async\" width=\"300\" height=\"225\" class=\"alignnone size-medium wp-image-684\" src=\"http:\/\/www.din-amo.be\/wp-content\/uploads\/2015\/09\/DSCN7888-300x225.jpg\" alt=\"DSCN7888\" srcset=\"https:\/\/www.din-amo.be\/wp-content\/uploads\/2015\/09\/DSCN7888-300x225.jpg 300w, https:\/\/www.din-amo.be\/wp-content\/uploads\/2015\/09\/DSCN7888-1024x768.jpg 1024w, https:\/\/www.din-amo.be\/wp-content\/uploads\/2015\/09\/DSCN7888-600x450.jpg 600w, https:\/\/www.din-amo.be\/wp-content\/uploads\/2015\/09\/DSCN7888-100x75.jpg 100w\" sizes=\"(max-width: 300px) 100vw, 300px\" \/><\/a> <a href=\"http:\/\/www.din-amo.be\/wp-content\/uploads\/2015\/09\/DSCN7895.jpg\"><img loading=\"lazy\" decoding=\"async\" width=\"300\" height=\"225\" class=\"alignnone size-medium wp-image-685\" src=\"http:\/\/www.din-amo.be\/wp-content\/uploads\/2015\/09\/DSCN7895-300x225.jpg\" alt=\"DSCN7895\" srcset=\"https:\/\/www.din-amo.be\/wp-content\/uploads\/2015\/09\/DSCN7895-300x225.jpg 300w, https:\/\/www.din-amo.be\/wp-content\/uploads\/2015\/09\/DSCN7895-1024x768.jpg 1024w, https:\/\/www.din-amo.be\/wp-content\/uploads\/2015\/09\/DSCN7895-600x450.jpg 600w, https:\/\/www.din-amo.be\/wp-content\/uploads\/2015\/09\/DSCN7895-100x75.jpg 100w\" sizes=\"(max-width: 300px) 100vw, 300px\" \/><\/a> <a href=\"http:\/\/www.din-amo.be\/wp-content\/uploads\/2015\/09\/DSCN8003.jpg\"><img loading=\"lazy\" decoding=\"async\" width=\"300\" height=\"225\" class=\"alignnone size-medium wp-image-686\" src=\"http:\/\/www.din-amo.be\/wp-content\/uploads\/2015\/09\/DSCN8003-300x225.jpg\" alt=\"DSCN8003\" srcset=\"https:\/\/www.din-amo.be\/wp-content\/uploads\/2015\/09\/DSCN8003-300x225.jpg 300w, https:\/\/www.din-amo.be\/wp-content\/uploads\/2015\/09\/DSCN8003-1024x768.jpg 1024w, https:\/\/www.din-amo.be\/wp-content\/uploads\/2015\/09\/DSCN8003-600x450.jpg 600w, https:\/\/www.din-amo.be\/wp-content\/uploads\/2015\/09\/DSCN8003-100x75.jpg 100w\" sizes=\"(max-width: 300px) 100vw, 300px\" \/><\/a> <a href=\"http:\/\/www.din-amo.be\/wp-content\/uploads\/2015\/09\/DSCN8041.jpg\"><img loading=\"lazy\" decoding=\"async\" width=\"300\" height=\"225\" class=\"alignnone size-medium wp-image-687\" src=\"http:\/\/www.din-amo.be\/wp-content\/uploads\/2015\/09\/DSCN8041-300x225.jpg\" alt=\"DSCN8041\" srcset=\"https:\/\/www.din-amo.be\/wp-content\/uploads\/2015\/09\/DSCN8041-300x225.jpg 300w, https:\/\/www.din-amo.be\/wp-content\/uploads\/2015\/09\/DSCN8041-1024x768.jpg 1024w, https:\/\/www.din-amo.be\/wp-content\/uploads\/2015\/09\/DSCN8041-600x450.jpg 600w, https:\/\/www.din-amo.be\/wp-content\/uploads\/2015\/09\/DSCN8041-100x75.jpg 100w\" sizes=\"(max-width: 300px) 100vw, 300px\" \/><img loading=\"lazy\" decoding=\"async\" width=\"300\" height=\"225\" class=\"alignnone size-medium wp-image-683\" src=\"http:\/\/www.din-amo.be\/wp-content\/uploads\/2015\/09\/DSCN7809-300x225.jpg\" alt=\"DSCN7809\" srcset=\"https:\/\/www.din-amo.be\/wp-content\/uploads\/2015\/09\/DSCN7809-300x225.jpg 300w, https:\/\/www.din-amo.be\/wp-content\/uploads\/2015\/09\/DSCN7809-1024x768.jpg 1024w, https:\/\/www.din-amo.be\/wp-content\/uploads\/2015\/09\/DSCN7809-600x450.jpg 600w, https:\/\/www.din-amo.be\/wp-content\/uploads\/2015\/09\/DSCN7809-100x75.jpg 100w\" sizes=\"(max-width: 300px) 100vw, 300px\" \/><\/a><\/p>\n","protected":false},"excerpt":{"rendered":"<p>Du 17 au 21 aout a eu lieu le stage nature. Le groupe \u00e9tait constitu\u00e9 de 15 enfants de 8 \u00e0 12 ans, pleins de curiosit\u00e9 et d\u2019entrain\u00a0! C\u2019est donc dans une ambiance positive que nous sommes partis \u00e0 la d\u00e9couverte de la for\u00eat bordant la Ferme Jacob.\u00a0 En cours d\u2019aventure, nous avons visit\u00e9 la Tour du Mill\u00e9naire et l\u2019avons escalad\u00e9e jusqu\u2019\u00e0 son sommet, ce qui pour certains, a pris la forme d\u2019un d\u00e9fi\u00a0pour vaincre le vertige. Quelle fiert\u00e9 d\u2019y \u00eatre parvenus et d\u2019admirer le panorama\u00a0! La construction de cabanes dans les bois a passionn\u00e9 tous les enfants, si bien qu\u2019ils ont invent\u00e9 eux-m\u00eames des techniques permettant de les rendre plus r\u00e9alistes.\u00a0 Ils les ont \u00e9galement agr\u00e9ment\u00e9es de balan\u00e7oires et autres cr\u00e9ations imaginaires. Un autre temps fort du stage\u00a0\u00e9tait l\u2019animation du Contrat de Rivi\u00e8re Haute Meuse sur le monde captivant des castors\u00a0! Apr\u00e8s un riche et ludique \u00e9change concernant leur mode vie (famille, nourriture, taille,\u2026), le groupe a pu partir explorer les traces de l\u2019animal et d\u00e9couvrir son habitat dans l\u2019environnement naturel.\u00a0 Nos petits explorateurs, tellement excit\u00e9s par leur mission n\u2019ont pu se r\u00e9soudre au calme que requiert l\u2019\u00e9ventuelle rencontre de l\u2019animal\u2026 mais qu\u2019importe, la sensibilisation au monde des castors a fait beaucoup d\u2019effet\u00a0! A la Ferme, la vie en groupe n\u00e9cessite une participation de chacun aux t\u00e2ches journali\u00e8res et tous les enfants s\u2019y sont pr\u00eat\u00e9s.\u00a0 Cela leur a permis de se rendre compte de l\u2019importance et de l\u2019utilit\u00e9 du rangement, de la compl\u00e9mentarit\u00e9 du travail de chacun pour la pr\u00e9paration des repas, de la n\u00e9cessit\u00e9 d\u2019une vaisselle bien faite et de l\u2019ambiance conviviale que peut amener une table joliment dress\u00e9e.\u00a0 M\u00eame si ces t\u00e2ches ne se font pas toujours dans un enthousiasme d\u00e9bordant, tous ont \u00e9t\u00e9 valoris\u00e9s et remerci\u00e9s pour cette collaboration qui s\u2019est faite dans le respect et la solidarit\u00e9. Ces valeurs sont rest\u00e9es pr\u00e9sentes tout au long du stage, de mani\u00e8re \u00e0 permettre \u00e0 chaque enfant de prendre sa place et \u00e0 accepter celle des autres. Le soir, autour d\u2019un grand feu, dans une ambiance chaleureuse et d\u00e9tendue, les enfants ont \u00e9t\u00e9 \u00e9merveill\u00e9s par a beaut\u00e9 des flammes, tout en \u00e9tant conscient de sa puissance et de sa potentielle dangerosit\u00e9\u2026 comme tous les \u00e9l\u00e9ments de la nature. Le stage s\u2019est cl\u00f4tur\u00e9 sur le recueil de l\u2019avis de chacun pour nous permettre d\u2019ajuster le programme la prochaine fois.\u00a0 Nous avons remerci\u00e9 tous les enfants pour leur participation, pour leur \u00e9tat d\u2019esprit positif et constructif\u00a0: tous les ingr\u00e9dients qui ont permis \u00e0 tous de passer un bon s\u00e9jour. En cinq jours, nous avons vu les enfants s\u2019amuser, se concentrer, se d\u00e9passer, cr\u00e9er, apprendre, se reposer et surtout grandir\u00a0! C\u00e9dric, Laura, Ludivine, Monique et Pierre &nbsp; \u00a0\u00a0\u00a0\u00a0<\/p>\n","protected":false},"author":5,"featured_media":688,"comment_status":"closed","ping_status":"open","sticky":false,"template":"","format":"standard","meta":{"_eb_attr":"","ocean_post_layout":"","ocean_both_sidebars_style":"","ocean_both_sidebars_content_width":0,"ocean_both_sidebars_sidebars_width":0,"ocean_sidebar":"","ocean_second_sidebar":"","ocean_disable_margins":"enable","ocean_add_body_class":"","ocean_shortcode_before_top_bar":"","ocean_shortcode_after_top_bar":"","ocean_shortcode_before_header":"","ocean_shortcode_after_header":"","ocean_has_shortcode":"","ocean_shortcode_after_title":"","ocean_shortcode_before_footer_widgets":"","ocean_shortcode_after_footer_widgets":"","ocean_shortcode_before_footer_bottom":"","ocean_shortcode_after_footer_bottom":"","ocean_display_top_bar":"default","ocean_display_header":"default","ocean_header_style":"","ocean_center_header_left_menu":"","ocean_custom_header_template":"","ocean_custom_logo":0,"ocean_custom_retina_logo":0,"ocean_custom_logo_max_width":0,"ocean_custom_logo_tablet_max_width":0,"ocean_custom_logo_mobile_max_width":0,"ocean_custom_logo_max_height":0,"ocean_custom_logo_tablet_max_height":0,"ocean_custom_logo_mobile_max_height":0,"ocean_header_custom_menu":"","ocean_menu_typo_font_family":"","ocean_menu_typo_font_subset":"","ocean_menu_typo_font_size":0,"ocean_menu_typo_font_size_tablet":0,"ocean_menu_typo_font_size_mobile":0,"ocean_menu_typo_font_size_unit":"px","ocean_menu_typo_font_weight":"","ocean_menu_typo_font_weight_tablet":"","ocean_menu_typo_font_weight_mobile":"","ocean_menu_typo_transform":"","ocean_menu_typo_transform_tablet":"","ocean_menu_typo_transform_mobile":"","ocean_menu_typo_line_height":0,"ocean_menu_typo_line_height_tablet":0,"ocean_menu_typo_line_height_mobile":0,"ocean_menu_typo_line_height_unit":"","ocean_menu_typo_spacing":0,"ocean_menu_typo_spacing_tablet":0,"ocean_menu_typo_spacing_mobile":0,"ocean_menu_typo_spacing_unit":"","ocean_menu_link_color":"","ocean_menu_link_color_hover":"","ocean_menu_link_color_active":"","ocean_menu_link_background":"","ocean_menu_link_hover_background":"","ocean_menu_link_active_background":"","ocean_menu_social_links_bg":"","ocean_menu_social_hover_links_bg":"","ocean_menu_social_links_color":"","ocean_menu_social_hover_links_color":"","ocean_disable_title":"default","ocean_disable_heading":"default","ocean_post_title":"","ocean_post_subheading":"","ocean_post_title_style":"","ocean_post_title_background_color":"","ocean_post_title_background":0,"ocean_post_title_bg_image_position":"","ocean_post_title_bg_image_attachment":"","ocean_post_title_bg_image_repeat":"","ocean_post_title_bg_image_size":"","ocean_post_title_height":0,"ocean_post_title_bg_overlay":0.5,"ocean_post_title_bg_overlay_color":"","ocean_disable_breadcrumbs":"default","ocean_breadcrumbs_color":"","ocean_breadcrumbs_separator_color":"","ocean_breadcrumbs_links_color":"","ocean_breadcrumbs_links_hover_color":"","ocean_display_footer_widgets":"default","ocean_display_footer_bottom":"default","ocean_custom_footer_template":"","ocean_post_oembed":"","ocean_post_self_hosted_media":"","ocean_post_video_embed":"","ocean_link_format":"","ocean_link_format_target":"self","ocean_quote_format":"","ocean_quote_format_link":"post","ocean_gallery_link_images":"on","ocean_gallery_id":[],"footnotes":""},"categories":[24,6],"tags":[],"class_list":["post-676","post","type-post","status-publish","format-standard","has-post-thumbnail","hentry","category-nature-stages","category-stages","entry","has-media"],"_links":{"self":[{"href":"https:\/\/www.din-amo.be\/index.php?rest_route=\/wp\/v2\/posts\/676","targetHints":{"allow":["GET"]}}],"collection":[{"href":"https:\/\/www.din-amo.be\/index.php?rest_route=\/wp\/v2\/posts"}],"about":[{"href":"https:\/\/www.din-amo.be\/index.php?rest_route=\/wp\/v2\/types\/post"}],"author":[{"embeddable":true,"href":"https:\/\/www.din-amo.be\/index.php?rest_route=\/wp\/v2\/users\/5"}],"replies":[{"embeddable":true,"href":"https:\/\/www.din-amo.be\/index.php?rest_route=%2Fwp%2Fv2%2Fcomments&post=676"}],"version-history":[{"count":6,"href":"https:\/\/www.din-amo.be\/index.php?rest_route=\/wp\/v2\/posts\/676\/revisions"}],"predecessor-version":[{"id":693,"href":"https:\/\/www.din-amo.be\/index.php?rest_route=\/wp\/v2\/posts\/676\/revisions\/693"}],"wp:featuredmedia":[{"embeddable":true,"href":"https:\/\/www.din-amo.be\/index.php?rest_route=\/wp\/v2\/media\/688"}],"wp:attachment":[{"href":"https:\/\/www.din-amo.be\/index.php?rest_route=%2Fwp%2Fv2%2Fmedia&parent=676"}],"wp:term":[{"taxonomy":"category","embeddable":true,"href":"https:\/\/www.din-amo.be\/index.php?rest_route=%2Fwp%2Fv2%2Fcategories&post=676"},{"taxonomy":"post_tag","embeddable":true,"href":"https:\/\/www.din-amo.be\/index.php?rest_route=%2Fwp%2Fv2%2Ftags&post=676"}],"curies":[{"name":"wp","href":"https:\/\/api.w.org\/{rel}","templated":true}]}}