{"id":368,"date":"2015-02-06T11:40:42","date_gmt":"2015-02-06T10:40:42","guid":{"rendered":"http:\/\/www.din-amo.be\/?p=368"},"modified":"2015-02-13T14:34:36","modified_gmt":"2015-02-13T13:34:36","slug":"stage-estime-et-confiance-en-soi","status":"publish","type":"post","link":"https:\/\/www.din-amo.be\/?p=368","title":{"rendered":"Stage \u00ab\u00a0Estime et confiance en soi\u00a0\u00bb"},"content":{"rendered":"<p style=\"text-align: center;\" align=\"justify\">\n<p style=\"text-align: center;\" align=\"justify\">\n<p align=\"justify\">Notre travail avec de nombreux jeunes rencontr\u00e9s dans les \u00e9coles, les quartiers, lors d\u2019entretiens individuels mais aussi lors de discussions avec les parents et les professionnels, nous incite \u00e0 la mise en place d\u2019un nouveau projet : \u00ab <strong>Estime et confiance en soi<\/strong>\u00a0\u00bb.<\/p>\n<p>Nous proposons \u00e0 <strong>14 jeunes de 14 \u00e0 16 ans<\/strong>, accompagn\u00e9s de 3 animateurs, de se retrouver pendant 4 jours dans un g\u00eete et de mettre en place toute une s\u00e9rie d\u2019activit\u00e9s cibl\u00e9es sur\u00a0: \u00ab\u00a0<strong>se sentir bien, ou mieux, seul ou\/et avec les autres<\/strong>\u00a0<strong>\u00bb <\/strong>ainsi que<strong> la connaissance de soi et des autres,<\/strong>\u2026<br \/>\nNous comptons proposer de la photographie, des discussions et\u00a0 des jeux en groupe, des ateliers de pr\u00e9sentation de soi et des autres, de la \u00ab\u00a0Libre expression\u00a0\u00bb artistique, de l\u2019improvisation th\u00e9\u00e2trale, du djemb\u00e9, du sport,\u2026<\/p>\n<p>Ce stage se d\u00e9roulera <strong>du lundi 13 au jeudi 16 avril 2015 \u00e0 la Ferme Jacob \u00e0 Louette Saint-Pierre (Gedinne).<\/strong><br \/>\nLes activit\u00e9s diverses et vari\u00e9es visent \u00e0 prendre conscience, accepter et changer les choses qui nous emp\u00eachent d\u2019avancer ou pire, qui nous tirent en arri\u00e8re! Il s\u2019agit d\u2019identifier ses difficult\u00e9s et ses comp\u00e9tences et de les travailler. Parler de la confiance en soi, en l\u2019autre, la mani\u00e8re de communiquer, le rapport \u00e0 l\u2019autre (les amis, le couple, les parents, les enseignants, les inconnus) pour pouvoir \u00e9voluer.<\/p>\n<p>L\u2019objectif est l\u2019am\u00e9lioration et le d\u00e9veloppement de soi tout en utilisant les ressources du groupe. L\u2019id\u00e9e est de partager des exp\u00e9riences, des mani\u00e8res de faire et de parler lorsqu\u2019on se retrouve dans une situation d\u00e9licate, conflictuelle, \u00e9nervante, stressante. Il est essentiel de pouvoir dire ce que l\u2019on pense, exprimer nos envies, nos besoins, notre (d\u00e9s)accord,\u2026 Il s\u2019agit donc de r\u00e9fl\u00e9chir \u00e0 la mani\u00e8re la plus ad\u00e9quate de dire les choses pour certains et d\u2019oser les dire pour d\u2019autres\u2026 Les situations amen\u00e9es par certains jeunes pourront servir de base pour un \u00e9change, un d\u00e9bat,\u2026<\/p>\n<p>Il va de soi que ce s\u00e9jour s\u2019inscrit dans un esprit de bienveillance, de coop\u00e9ration et dans un respect mutuel. Nous tenons compte du rythme de chacun ainsi que de la libert\u00e9 de t\u00e9moigner, ou non, face au groupe.<br \/>\nLes jeunes sont d\u00e8s le d\u00e9part impliqu\u00e9s dans l\u2019\u00e9laboration du cadre dont les animateurs en sont les garants.<br \/>\nIl y aura toujours la possibilit\u00e9, pour ceux qui le souhaitent, de parler seul avec un des animateurs en dehors du groupe et cela dans le cadre du secret professionnel.<\/p>\n<p align=\"left\">Les animateurs pr\u00e9sents durant le s\u00e9jour\u00a0:<\/p>\n<div align=\"left\">\n<p>-Pierre CHARLES, Psychologue<br \/>\n-Laura SERET, Assistante sociale<br \/>\n-Monique TOURNEUR, Educatrice sp\u00e9cialis\u00e9e<\/p>\n<p><strong>Paf<\/strong> : 45\u20ac<\/p>\n<p><img fetchpriority=\"high\" decoding=\"async\" width=\"212\" height=\"300\" class=\"size-medium wp-image-391 aligncenter\" src=\"http:\/\/www.din-amo.be\/wp-content\/uploads\/2015\/02\/Affiche-2-212x300.jpg\" alt=\"Affiche 2\" srcset=\"https:\/\/www.din-amo.be\/wp-content\/uploads\/2015\/02\/Affiche-2-212x300.jpg 212w, https:\/\/www.din-amo.be\/wp-content\/uploads\/2015\/02\/Affiche-2-723x1024.jpg 723w, https:\/\/www.din-amo.be\/wp-content\/uploads\/2015\/02\/Affiche-2-600x848.jpg 600w, https:\/\/www.din-amo.be\/wp-content\/uploads\/2015\/02\/Affiche-2-70x100.jpg 70w, https:\/\/www.din-amo.be\/wp-content\/uploads\/2015\/02\/Affiche-2.jpg 1240w\" sizes=\"(max-width: 212px) 100vw, 212px\" \/><\/p>\n<\/div>\n","protected":false},"excerpt":{"rendered":"<p>Notre travail avec de nombreux jeunes rencontr\u00e9s dans les \u00e9coles, les quartiers, lors d\u2019entretiens individuels mais aussi lors de discussions avec les parents et les professionnels, nous incite \u00e0 la mise en place d\u2019un nouveau projet : \u00ab Estime et confiance en soi\u00a0\u00bb. Nous proposons \u00e0 14 jeunes de 14 \u00e0 16 ans, accompagn\u00e9s de 3 animateurs, de se retrouver pendant 4 jours dans un g\u00eete et de mettre en place toute une s\u00e9rie d\u2019activit\u00e9s cibl\u00e9es sur\u00a0: \u00ab\u00a0se sentir bien, ou mieux, seul ou\/et avec les autres\u00a0\u00bb ainsi que la connaissance de soi et des autres,\u2026 Nous comptons proposer de la photographie, des discussions et\u00a0 des jeux en groupe, des ateliers de pr\u00e9sentation de soi et des autres, de la \u00ab\u00a0Libre expression\u00a0\u00bb artistique, de l\u2019improvisation th\u00e9\u00e2trale, du djemb\u00e9, du sport,\u2026 Ce stage se d\u00e9roulera du lundi 13 au jeudi 16 avril 2015 \u00e0 la Ferme Jacob \u00e0 Louette Saint-Pierre (Gedinne). Les activit\u00e9s diverses et vari\u00e9es visent \u00e0 prendre conscience, accepter et changer les choses qui nous emp\u00eachent d\u2019avancer ou pire, qui nous tirent en arri\u00e8re! Il s\u2019agit d\u2019identifier ses difficult\u00e9s et ses comp\u00e9tences et de les travailler. Parler de la confiance en soi, en l\u2019autre, la mani\u00e8re de communiquer, le rapport \u00e0 l\u2019autre (les amis, le couple, les parents, les enseignants, les inconnus) pour pouvoir \u00e9voluer. L\u2019objectif est l\u2019am\u00e9lioration et le d\u00e9veloppement de soi tout en utilisant les ressources du groupe. L\u2019id\u00e9e est de partager des exp\u00e9riences, des mani\u00e8res de faire et de parler lorsqu\u2019on se retrouve dans une situation d\u00e9licate, conflictuelle, \u00e9nervante, stressante. Il est essentiel de pouvoir dire ce que l\u2019on pense, exprimer nos envies, nos besoins, notre (d\u00e9s)accord,\u2026 Il s\u2019agit donc de r\u00e9fl\u00e9chir \u00e0 la mani\u00e8re la plus ad\u00e9quate de dire les choses pour certains et d\u2019oser les dire pour d\u2019autres\u2026 Les situations amen\u00e9es par certains jeunes pourront servir de base pour un \u00e9change, un d\u00e9bat,\u2026 Il va de soi que ce s\u00e9jour s\u2019inscrit dans un esprit de bienveillance, de coop\u00e9ration et dans un respect mutuel. Nous tenons compte du rythme de chacun ainsi que de la libert\u00e9 de t\u00e9moigner, ou non, face au groupe. Les jeunes sont d\u00e8s le d\u00e9part impliqu\u00e9s dans l\u2019\u00e9laboration du cadre dont les animateurs en sont les garants. Il y aura toujours la possibilit\u00e9, pour ceux qui le souhaitent, de parler seul avec un des animateurs en dehors du groupe et cela dans le cadre du secret professionnel. Les animateurs pr\u00e9sents durant le s\u00e9jour\u00a0: -Pierre CHARLES, Psychologue -Laura SERET, Assistante sociale -Monique TOURNEUR, Educatrice sp\u00e9cialis\u00e9e Paf : 45\u20ac<\/p>\n","protected":false},"author":5,"featured_media":366,"comment_status":"closed","ping_status":"open","sticky":false,"template":"","format":"standard","meta":{"_eb_attr":"","ocean_post_layout":"","ocean_both_sidebars_style":"","ocean_both_sidebars_content_width":0,"ocean_both_sidebars_sidebars_width":0,"ocean_sidebar":"","ocean_second_sidebar":"","ocean_disable_margins":"enable","ocean_add_body_class":"","ocean_shortcode_before_top_bar":"","ocean_shortcode_after_top_bar":"","ocean_shortcode_before_header":"","ocean_shortcode_after_header":"","ocean_has_shortcode":"","ocean_shortcode_after_title":"","ocean_shortcode_before_footer_widgets":"","ocean_shortcode_after_footer_widgets":"","ocean_shortcode_before_footer_bottom":"","ocean_shortcode_after_footer_bottom":"","ocean_display_top_bar":"default","ocean_display_header":"default","ocean_header_style":"","ocean_center_header_left_menu":"","ocean_custom_header_template":"","ocean_custom_logo":0,"ocean_custom_retina_logo":0,"ocean_custom_logo_max_width":0,"ocean_custom_logo_tablet_max_width":0,"ocean_custom_logo_mobile_max_width":0,"ocean_custom_logo_max_height":0,"ocean_custom_logo_tablet_max_height":0,"ocean_custom_logo_mobile_max_height":0,"ocean_header_custom_menu":"","ocean_menu_typo_font_family":"","ocean_menu_typo_font_subset":"","ocean_menu_typo_font_size":0,"ocean_menu_typo_font_size_tablet":0,"ocean_menu_typo_font_size_mobile":0,"ocean_menu_typo_font_size_unit":"px","ocean_menu_typo_font_weight":"","ocean_menu_typo_font_weight_tablet":"","ocean_menu_typo_font_weight_mobile":"","ocean_menu_typo_transform":"","ocean_menu_typo_transform_tablet":"","ocean_menu_typo_transform_mobile":"","ocean_menu_typo_line_height":0,"ocean_menu_typo_line_height_tablet":0,"ocean_menu_typo_line_height_mobile":0,"ocean_menu_typo_line_height_unit":"","ocean_menu_typo_spacing":0,"ocean_menu_typo_spacing_tablet":0,"ocean_menu_typo_spacing_mobile":0,"ocean_menu_typo_spacing_unit":"","ocean_menu_link_color":"","ocean_menu_link_color_hover":"","ocean_menu_link_color_active":"","ocean_menu_link_background":"","ocean_menu_link_hover_background":"","ocean_menu_link_active_background":"","ocean_menu_social_links_bg":"","ocean_menu_social_hover_links_bg":"","ocean_menu_social_links_color":"","ocean_menu_social_hover_links_color":"","ocean_disable_title":"default","ocean_disable_heading":"default","ocean_post_title":"","ocean_post_subheading":"","ocean_post_title_style":"","ocean_post_title_background_color":"","ocean_post_title_background":0,"ocean_post_title_bg_image_position":"","ocean_post_title_bg_image_attachment":"","ocean_post_title_bg_image_repeat":"","ocean_post_title_bg_image_size":"","ocean_post_title_height":0,"ocean_post_title_bg_overlay":0.5,"ocean_post_title_bg_overlay_color":"","ocean_disable_breadcrumbs":"default","ocean_breadcrumbs_color":"","ocean_breadcrumbs_separator_color":"","ocean_breadcrumbs_links_color":"","ocean_breadcrumbs_links_hover_color":"","ocean_display_footer_widgets":"default","ocean_display_footer_bottom":"default","ocean_custom_footer_template":"","ocean_post_oembed":"","ocean_post_self_hosted_media":"","ocean_post_video_embed":"","ocean_link_format":"","ocean_link_format_target":"self","ocean_quote_format":"","ocean_quote_format_link":"post","ocean_gallery_link_images":"on","ocean_gallery_id":[],"footnotes":""},"categories":[1],"tags":[],"class_list":["post-368","post","type-post","status-publish","format-standard","has-post-thumbnail","hentry","category-non-classe","entry","has-media"],"_links":{"self":[{"href":"https:\/\/www.din-amo.be\/index.php?rest_route=\/wp\/v2\/posts\/368","targetHints":{"allow":["GET"]}}],"collection":[{"href":"https:\/\/www.din-amo.be\/index.php?rest_route=\/wp\/v2\/posts"}],"about":[{"href":"https:\/\/www.din-amo.be\/index.php?rest_route=\/wp\/v2\/types\/post"}],"author":[{"embeddable":true,"href":"https:\/\/www.din-amo.be\/index.php?rest_route=\/wp\/v2\/users\/5"}],"replies":[{"embeddable":true,"href":"https:\/\/www.din-amo.be\/index.php?rest_route=%2Fwp%2Fv2%2Fcomments&post=368"}],"version-history":[{"count":4,"href":"https:\/\/www.din-amo.be\/index.php?rest_route=\/wp\/v2\/posts\/368\/revisions"}],"predecessor-version":[{"id":392,"href":"https:\/\/www.din-amo.be\/index.php?rest_route=\/wp\/v2\/posts\/368\/revisions\/392"}],"wp:featuredmedia":[{"embeddable":true,"href":"https:\/\/www.din-amo.be\/index.php?rest_route=\/wp\/v2\/media\/366"}],"wp:attachment":[{"href":"https:\/\/www.din-amo.be\/index.php?rest_route=%2Fwp%2Fv2%2Fmedia&parent=368"}],"wp:term":[{"taxonomy":"category","embeddable":true,"href":"https:\/\/www.din-amo.be\/index.php?rest_route=%2Fwp%2Fv2%2Fcategories&post=368"},{"taxonomy":"post_tag","embeddable":true,"href":"https:\/\/www.din-amo.be\/index.php?rest_route=%2Fwp%2Fv2%2Ftags&post=368"}],"curies":[{"name":"wp","href":"https:\/\/api.w.org\/{rel}","templated":true}]}}