{"id":1843,"date":"2020-04-24T11:33:17","date_gmt":"2020-04-24T10:33:17","guid":{"rendered":"http:\/\/www.din-amo.be\/?p=1843"},"modified":"2020-04-24T13:20:29","modified_gmt":"2020-04-24T12:20:29","slug":"covid19-et-mon-travail-en-amo-temoignage-danais-h","status":"publish","type":"post","link":"https:\/\/www.din-amo.be\/?p=1843","title":{"rendered":"\u00ab\u00a0Covid19 et mon travail en AMO\u00a0\u00bb, t\u00e9moignage d&rsquo;Ana\u00efs H."},"content":{"rendered":"<p>\u00ab\u00a0Je suis assistante sociale dans une AMO. Je m&rsquo;inscris dans un cadre de pr\u00e9vention aupr\u00e8s d&rsquo;un public \u00ab jeunesse \u00bb. Mon t\u00e9moignage est nourri de la parole des jeunes et leur famille, de l&rsquo;AMO ainsi que de mes doutes et questionnements de travailleuse du social. La situation toute particuli\u00e8re me suscite de nombreuses r\u00e9flexions quant au sens de mon travail.<\/p>\n<p>Le confinement renforce certaines violences dans les familles, mais aussi p\u00e8se sur le bien-\u00eatre du jeune.\u00a0 J&rsquo;entends des jeunes s\u2019inqui\u00e9ter de la crise, s\u2019inqui\u00e9ter de ne plus pouvoir aller \u00e0 l&rsquo;\u00e9cole, voir leurs amis et cesser leurs activit\u00e9s.\u00a0 J&rsquo;entends des jeunes se soucier de leurs parents et leurs grands-parents.\u00a0 J&rsquo;entends des jeunes accabl\u00e9s par les informations, par le climat de tensions.<\/p>\n<p>Comment g\u00e9rer \u00e9motionnellement l&rsquo;in\u00e9dit, l&rsquo;impalpable qui bouleverse le quotidien, bouscule les rep\u00e8res ?\u00a0 Comment en tant que travailleur, trouver les mots pour rassurer, apaiser et favoriser l&rsquo;expression ?\u00a0 Comment cr\u00e9er des ponts entre r\u00e9alit\u00e9s individuelles et mesures politiques appliqu\u00e9es ?\u00a0 Comment expliquer et comprendre ?<\/p>\n<p>Chacun est \u00e9gal face au COVID19 ?\u00a0 En tous cas, nous ne sommes pas \u00e9gaux dans notre contexte de confinement.\u00a0 Des jeunes vivent dans des endroits exigus, des jeunes sont seuls avec des parents o\u00f9 la communication n&rsquo;est pas toujours facile, d&rsquo;autres sont en centre d&rsquo;h\u00e9bergement. Certains ressentent la solitude ou le sur-plein de sollicitations sur la toile (intranet de l&rsquo;\u00e9cole, r\u00e9seaux sociaux,&#8230;).\u00a0 Des parents se retrouvent \u00e0 faire l&rsquo;\u00e9cole \u00e0 la maison dans des conditions de travail parfois tr\u00e8s inconfortables (surcharge de travail et de devoirs, nombreuses impressions \u00e0 faire et manque d&rsquo;imprimante ou d&rsquo;acc\u00e8s \u00e0 internet, barri\u00e8re de la langue pour aider son enfant aux devoirs, lieux de travail inadapt\u00e9s,&#8230;) \u00e0 cela ajouter le sentiment de culpabilit\u00e9 \u00ab de ne pas faire travailler assez ses enfants \u00bb ou \u00ab de ne pas pouvoir les aider au mieux \u00bb ou de \u00ab ne pas avoir assez de patience ou comp\u00e9tences pour \u00e7a \u00bb.\u00a0 Je rencontre des parents et des jeunes inquiets de la suite.<br \/>\n\u00ab Comment va se passer le retour \u00e0 l&rsquo;\u00e9cole ?\u00a0 Et les examens ?\u00a0 Est-ce que j&rsquo;en aurais fait assez ? \u00bb<br \/>\nPour finir, j&rsquo;aimerais dire que je suis tr\u00e8s admirative de la dynamique d&rsquo;inventivit\u00e9 qui s&rsquo;est propag\u00e9e dans les AMOs et ailleurs pour aller au contact du jeune, pour se montrer pr\u00e9sent et maintenir le cap.\u00a0 Cela incite \u00e0 se r\u00e9inventer dans le lien et la communication avec les jeunes. Utiliser leurs canaux, \u00eatre pr\u00e9sents, mais ailleurs ou autrement.\u00a0 Cette \u00e9nergie cr\u00e9ative commune est porteuse, donne sens et corps \u00e0 l&rsquo;aide \u00e0 la jeunesse.<\/p>\n<p>J&rsquo;ai grand espoir en une intelligence collective qui pensera le monde social de demain et donnera encore plus de moyens et de reconnaissance aux acteurs de changement.\u00a0\u00bb<\/p>\n<p>(t\u00e9moignage d&rsquo;Ana\u00efs HORRENT, assistante sociale \u00e0 DINAMO pour le JDJ &#8211; Journal du Droit des Jeunes)<\/p>\n","protected":false},"excerpt":{"rendered":"<p>\u00ab\u00a0Je suis assistante sociale dans une AMO. Je m&rsquo;inscris dans un cadre de pr\u00e9vention aupr\u00e8s d&rsquo;un public \u00ab jeunesse \u00bb. Mon t\u00e9moignage est nourri de la parole des jeunes et leur famille, de l&rsquo;AMO ainsi que de mes doutes et questionnements de travailleuse du social. La situation toute particuli\u00e8re me suscite de nombreuses r\u00e9flexions quant au sens de mon travail. Le confinement renforce certaines violences dans les familles, mais aussi p\u00e8se sur le bien-\u00eatre du jeune.\u00a0 J&rsquo;entends des jeunes s\u2019inqui\u00e9ter de la crise, s\u2019inqui\u00e9ter de ne plus pouvoir aller \u00e0 l&rsquo;\u00e9cole, voir leurs amis et cesser leurs activit\u00e9s.\u00a0 J&rsquo;entends des jeunes se soucier de leurs parents et leurs grands-parents.\u00a0 J&rsquo;entends des jeunes accabl\u00e9s par les informations, par le climat de tensions. Comment g\u00e9rer \u00e9motionnellement l&rsquo;in\u00e9dit, l&rsquo;impalpable qui bouleverse le quotidien, bouscule les rep\u00e8res ?\u00a0 Comment en tant que travailleur, trouver les mots pour rassurer, apaiser et favoriser l&rsquo;expression ?\u00a0 Comment cr\u00e9er des ponts entre r\u00e9alit\u00e9s individuelles et mesures politiques appliqu\u00e9es ?\u00a0 Comment expliquer et comprendre ? Chacun est \u00e9gal face au COVID19 ?\u00a0 En tous cas, nous ne sommes pas \u00e9gaux dans notre contexte de confinement.\u00a0 Des jeunes vivent dans des endroits exigus, des jeunes sont seuls avec des parents o\u00f9 la communication n&rsquo;est pas toujours facile, d&rsquo;autres sont en centre d&rsquo;h\u00e9bergement. Certains ressentent la solitude ou le sur-plein de sollicitations sur la toile (intranet de l&rsquo;\u00e9cole, r\u00e9seaux sociaux,&#8230;).\u00a0 Des parents se retrouvent \u00e0 faire l&rsquo;\u00e9cole \u00e0 la maison dans des conditions de travail parfois tr\u00e8s inconfortables (surcharge de travail et de devoirs, nombreuses impressions \u00e0 faire et manque d&rsquo;imprimante ou d&rsquo;acc\u00e8s \u00e0 internet, barri\u00e8re de la langue pour aider son enfant aux devoirs, lieux de travail inadapt\u00e9s,&#8230;) \u00e0 cela ajouter le sentiment de culpabilit\u00e9 \u00ab de ne pas faire travailler assez ses enfants \u00bb ou \u00ab de ne pas pouvoir les aider au mieux \u00bb ou de \u00ab ne pas avoir assez de patience ou comp\u00e9tences pour \u00e7a \u00bb.\u00a0 Je rencontre des parents et des jeunes inquiets de la suite. \u00ab Comment va se passer le retour \u00e0 l&rsquo;\u00e9cole ?\u00a0 Et les examens ?\u00a0 Est-ce que j&rsquo;en aurais fait assez ? \u00bb Pour finir, j&rsquo;aimerais dire que je suis tr\u00e8s admirative de la dynamique d&rsquo;inventivit\u00e9 qui s&rsquo;est propag\u00e9e dans les AMOs et ailleurs pour aller au contact du jeune, pour se montrer pr\u00e9sent et maintenir le cap.\u00a0 Cela incite \u00e0 se r\u00e9inventer dans le lien et la communication avec les jeunes. Utiliser leurs canaux, \u00eatre pr\u00e9sents, mais ailleurs ou autrement.\u00a0 Cette \u00e9nergie cr\u00e9ative commune est porteuse, donne sens et corps \u00e0 l&rsquo;aide \u00e0 la jeunesse. J&rsquo;ai grand espoir en une intelligence collective qui pensera le monde social de demain et donnera encore plus de moyens et de reconnaissance aux acteurs de changement.\u00a0\u00bb (t\u00e9moignage d&rsquo;Ana\u00efs HORRENT, assistante sociale \u00e0 DINAMO pour le JDJ &#8211; Journal du Droit des Jeunes)<\/p>\n","protected":false},"author":5,"featured_media":1847,"comment_status":"closed","ping_status":"open","sticky":false,"template":"","format":"standard","meta":{"_eb_attr":"","ocean_post_layout":"","ocean_both_sidebars_style":"","ocean_both_sidebars_content_width":0,"ocean_both_sidebars_sidebars_width":0,"ocean_sidebar":"","ocean_second_sidebar":"","ocean_disable_margins":"enable","ocean_add_body_class":"","ocean_shortcode_before_top_bar":"","ocean_shortcode_after_top_bar":"","ocean_shortcode_before_header":"","ocean_shortcode_after_header":"","ocean_has_shortcode":"","ocean_shortcode_after_title":"","ocean_shortcode_before_footer_widgets":"","ocean_shortcode_after_footer_widgets":"","ocean_shortcode_before_footer_bottom":"","ocean_shortcode_after_footer_bottom":"","ocean_display_top_bar":"default","ocean_display_header":"default","ocean_header_style":"","ocean_center_header_left_menu":"","ocean_custom_header_template":"","ocean_custom_logo":0,"ocean_custom_retina_logo":0,"ocean_custom_logo_max_width":0,"ocean_custom_logo_tablet_max_width":0,"ocean_custom_logo_mobile_max_width":0,"ocean_custom_logo_max_height":0,"ocean_custom_logo_tablet_max_height":0,"ocean_custom_logo_mobile_max_height":0,"ocean_header_custom_menu":"","ocean_menu_typo_font_family":"","ocean_menu_typo_font_subset":"","ocean_menu_typo_font_size":0,"ocean_menu_typo_font_size_tablet":0,"ocean_menu_typo_font_size_mobile":0,"ocean_menu_typo_font_size_unit":"px","ocean_menu_typo_font_weight":"","ocean_menu_typo_font_weight_tablet":"","ocean_menu_typo_font_weight_mobile":"","ocean_menu_typo_transform":"","ocean_menu_typo_transform_tablet":"","ocean_menu_typo_transform_mobile":"","ocean_menu_typo_line_height":0,"ocean_menu_typo_line_height_tablet":0,"ocean_menu_typo_line_height_mobile":0,"ocean_menu_typo_line_height_unit":"","ocean_menu_typo_spacing":0,"ocean_menu_typo_spacing_tablet":0,"ocean_menu_typo_spacing_mobile":0,"ocean_menu_typo_spacing_unit":"","ocean_menu_link_color":"","ocean_menu_link_color_hover":"","ocean_menu_link_color_active":"","ocean_menu_link_background":"","ocean_menu_link_hover_background":"","ocean_menu_link_active_background":"","ocean_menu_social_links_bg":"","ocean_menu_social_hover_links_bg":"","ocean_menu_social_links_color":"","ocean_menu_social_hover_links_color":"","ocean_disable_title":"default","ocean_disable_heading":"default","ocean_post_title":"","ocean_post_subheading":"","ocean_post_title_style":"","ocean_post_title_background_color":"","ocean_post_title_background":0,"ocean_post_title_bg_image_position":"","ocean_post_title_bg_image_attachment":"","ocean_post_title_bg_image_repeat":"","ocean_post_title_bg_image_size":"","ocean_post_title_height":0,"ocean_post_title_bg_overlay":0.5,"ocean_post_title_bg_overlay_color":"","ocean_disable_breadcrumbs":"default","ocean_breadcrumbs_color":"","ocean_breadcrumbs_separator_color":"","ocean_breadcrumbs_links_color":"","ocean_breadcrumbs_links_hover_color":"","ocean_display_footer_widgets":"default","ocean_display_footer_bottom":"default","ocean_custom_footer_template":"","ocean_post_oembed":"","ocean_post_self_hosted_media":"","ocean_post_video_embed":"","ocean_link_format":"","ocean_link_format_target":"self","ocean_quote_format":"","ocean_quote_format_link":"post","ocean_gallery_link_images":"on","ocean_gallery_id":[],"footnotes":""},"categories":[27],"tags":[],"class_list":["post-1843","post","type-post","status-publish","format-standard","has-post-thumbnail","hentry","category-actions-diverses","entry","has-media"],"_links":{"self":[{"href":"https:\/\/www.din-amo.be\/index.php?rest_route=\/wp\/v2\/posts\/1843","targetHints":{"allow":["GET"]}}],"collection":[{"href":"https:\/\/www.din-amo.be\/index.php?rest_route=\/wp\/v2\/posts"}],"about":[{"href":"https:\/\/www.din-amo.be\/index.php?rest_route=\/wp\/v2\/types\/post"}],"author":[{"embeddable":true,"href":"https:\/\/www.din-amo.be\/index.php?rest_route=\/wp\/v2\/users\/5"}],"replies":[{"embeddable":true,"href":"https:\/\/www.din-amo.be\/index.php?rest_route=%2Fwp%2Fv2%2Fcomments&post=1843"}],"version-history":[{"count":3,"href":"https:\/\/www.din-amo.be\/index.php?rest_route=\/wp\/v2\/posts\/1843\/revisions"}],"predecessor-version":[{"id":1848,"href":"https:\/\/www.din-amo.be\/index.php?rest_route=\/wp\/v2\/posts\/1843\/revisions\/1848"}],"wp:featuredmedia":[{"embeddable":true,"href":"https:\/\/www.din-amo.be\/index.php?rest_route=\/wp\/v2\/media\/1847"}],"wp:attachment":[{"href":"https:\/\/www.din-amo.be\/index.php?rest_route=%2Fwp%2Fv2%2Fmedia&parent=1843"}],"wp:term":[{"taxonomy":"category","embeddable":true,"href":"https:\/\/www.din-amo.be\/index.php?rest_route=%2Fwp%2Fv2%2Fcategories&post=1843"},{"taxonomy":"post_tag","embeddable":true,"href":"https:\/\/www.din-amo.be\/index.php?rest_route=%2Fwp%2Fv2%2Ftags&post=1843"}],"curies":[{"name":"wp","href":"https:\/\/api.w.org\/{rel}","templated":true}]}}