{"id":1813,"date":"2020-03-02T08:22:02","date_gmt":"2020-03-02T07:22:02","guid":{"rendered":"http:\/\/www.din-amo.be\/?p=1813"},"modified":"2020-03-02T08:22:02","modified_gmt":"2020-03-02T07:22:02","slug":"pour-un-monde-meilleur","status":"publish","type":"post","link":"https:\/\/www.din-amo.be\/?p=1813","title":{"rendered":"\u00ab Pour un monde meilleur&#8230; \u00bb"},"content":{"rendered":"<p>Ce samedi 15 f\u00e9vrier, les jeunes de notre atelier de th\u00e9\u00e2tre \u00e0 Hasti\u00e8re \u00abSc\u00e8ne aux Ados\u00bb sont all\u00e9s \u00e0 la rencontre de Mory, Ibrahim, Lamarana, Jadys et R\u00e9my.<\/p>\n<p>\u00abQui sont-ils ?\u00bb Ce sont des Mineurs Etrangers Non Accompagn\u00e9s (MENA). Ils sont cinq et ce soir-l\u00e0, au Centre Culturel de Beauraing, ils nous livrent leur(s) histoire(s).\u00a0 \u00abPour un monde meilleur\u00bb est le titre de leur pi\u00e8ce \u00e9crite par leur soin lors d\u2019un atelier th\u00e9\u00e2tre port\u00e9 par Tony Teise \u00e9ducateur au Centre Fedasil de Pondr\u00f4me. Ils y mettent en sc\u00e8ne le chemin parcouru pour arriver en Belgique, leurs espoirs pour un \u00ab ailleurs \u00bb, pour un monde meilleur. Les th\u00e8mes abord\u00e9s sont principalement ceux de l\u2019exil, de l\u2019immigration, mais aussi l\u2019apprentissage d\u2019une autre culture et ce qu&rsquo;on l&rsquo;appelle commun\u00e9ment \u00abl\u2019int\u00e9gration\u00bb.<\/p>\n<p>La rencontre d\u00e9bute dans l\u2019apr\u00e8s-midi. Par le biais du jeu th\u00e9\u00e2tral, leur outil commun, les deux groupes se retrouvent. S&rsquo;ensuivent une s\u00e9rie d&rsquo;exercices et de jeux \u00abbrise-glaces\u00bb afin de favoriser la coh\u00e9sion du groupe, mais aussi l&rsquo;expression de chacun. Les pr\u00e9sentations sont faites dans la joie, la spontan\u00e9it\u00e9 et la bonne humeur. Nous avons \u00e9galement eu l\u2019occasion de partager un repas \u00abauberge espagnole\u00bb\u00a0 avant la repr\u00e9sentation l\u2019opportunit\u00e9 pour tous de s\u2019impliquer dans la d\u00e9marche. En voil\u00e0 un bon pr\u00e9texte pour partager dans l\u2019informel, discuter et se retrouver dans les passions communes. Les jeunes ont \u00e9t\u00e9 sensibles \u00e0 ce sens de l\u2019accueil, le souci de l\u2019autre et les valeurs partag\u00e9es autour des mets d\u00e9licieux.<\/p>\n<p>Notre mission de sensibilisation et de pr\u00e9vention passe aussi par la rencontre, quelle qu\u2019elle soit, rencontrer les diff\u00e9rences et l\u2019inconnu, apprendre \u00e0 se parler, \u00e0 faire ensemble, surpasser les pr\u00e9jug\u00e9s et surtout d\u00e9couvrir l\u2019humain derri\u00e8re les statistiques et les discours m\u00e9diatiques.<\/p>\n<p>L&rsquo;heure du spectacle arrive et&#8230;C&rsquo;\u00e9tait g\u00e9nial ! \u00abTouchant\u00bb est le mot suspendu \u00e0 toutes les l\u00e8vres des jeunes (et des moins jeunes). Ensemble nous avons d\u00e9couvert le versant morose de la r\u00e9alit\u00e9 des MENA, parcours, violences administratives, s\u00e9paration des familles, humiliations, discriminations, racisme\u2026 Malgr\u00e9 les th\u00e9matiques fortes, le spectacle reste \u00e0 leur image : dr\u00f4le, profond, intelligent, r\u00e9silient, musical et dansant. Nous sommes travers\u00e9s par mille \u00e9motions diff\u00e9rentes, passant du rire aux larmes et inversement. \u00c0 la fin de la repr\u00e9sentation, un bord de sc\u00e8ne est organis\u00e9. L\u2019occasion de les f\u00e9liciter et de s\u2019\u00e9mouvoir avec eux du cadeau qu\u2019ils nous font \u00e0 travers leurs r\u00e9cits<\/p>\n<p>\u00ab Quand est-ce qu\u2019on les revoit ? \u00bbTous les jeunes ont exprim\u00e9 l\u2019envie de se retrouver sur d\u2019autres \u00e9v\u00e9nements, de transposer l\u2019exp\u00e9rience au-del\u00e0 d\u2019un instant. Nous les invitons volontiers \u00e0 notre spectacle du 29 avril au Centre Culturel de Dinant. Merci \u00e0 eux, \u00e0 leur \u00e9quipe solaire emplie de r\u00e9silience, pour le beau moment d\u2019humanit\u00e9 et de partage. Merci aux jeunes d\u2019ouvrir les portes \u00e0 la r\u00e9flexion et leurs c\u0153urs! A bient\u00f4t sur d\u2019autres planches !<\/p>\n<p>Ana\u00efs Horrent<\/p>\n<p><a href=\"http:\/\/www.din-amo.be\/wp-content\/uploads\/2020\/03\/IMG_20200215_222836.jpg\"><img fetchpriority=\"high\" decoding=\"async\" width=\"1024\" height=\"768\" class=\"alignnone size-large wp-image-1815\" src=\"http:\/\/www.din-amo.be\/wp-content\/uploads\/2020\/03\/IMG_20200215_222836-1024x768.jpg\" alt=\"Groupe th\u00e9\u00e2tre Hasti\u00e8re Fedasil\" srcset=\"https:\/\/www.din-amo.be\/wp-content\/uploads\/2020\/03\/IMG_20200215_222836-1024x768.jpg 1024w, https:\/\/www.din-amo.be\/wp-content\/uploads\/2020\/03\/IMG_20200215_222836-300x224.jpg 300w, https:\/\/www.din-amo.be\/wp-content\/uploads\/2020\/03\/IMG_20200215_222836-600x449.jpg 600w, https:\/\/www.din-amo.be\/wp-content\/uploads\/2020\/03\/IMG_20200215_222836-100x75.jpg 100w\" sizes=\"(max-width: 1024px) 100vw, 1024px\" \/><\/a><\/p>\n","protected":false},"excerpt":{"rendered":"<p>Ce samedi 15 f\u00e9vrier, les jeunes de notre atelier de th\u00e9\u00e2tre \u00e0 Hasti\u00e8re \u00abSc\u00e8ne aux Ados\u00bb sont all\u00e9s \u00e0 la rencontre de Mory, Ibrahim, Lamarana, Jadys et R\u00e9my. \u00abQui sont-ils ?\u00bb Ce sont des Mineurs Etrangers Non Accompagn\u00e9s (MENA). Ils sont cinq et ce soir-l\u00e0, au Centre Culturel de Beauraing, ils nous livrent leur(s) histoire(s).\u00a0 \u00abPour un monde meilleur\u00bb est le titre de leur pi\u00e8ce \u00e9crite par leur soin lors d\u2019un atelier th\u00e9\u00e2tre port\u00e9 par Tony Teise \u00e9ducateur au Centre Fedasil de Pondr\u00f4me. Ils y mettent en sc\u00e8ne le chemin parcouru pour arriver en Belgique, leurs espoirs pour un \u00ab ailleurs \u00bb, pour un monde meilleur. Les th\u00e8mes abord\u00e9s sont principalement ceux de l\u2019exil, de l\u2019immigration, mais aussi l\u2019apprentissage d\u2019une autre culture et ce qu&rsquo;on l&rsquo;appelle commun\u00e9ment \u00abl\u2019int\u00e9gration\u00bb. La rencontre d\u00e9bute dans l\u2019apr\u00e8s-midi. Par le biais du jeu th\u00e9\u00e2tral, leur outil commun, les deux groupes se retrouvent. S&rsquo;ensuivent une s\u00e9rie d&rsquo;exercices et de jeux \u00abbrise-glaces\u00bb afin de favoriser la coh\u00e9sion du groupe, mais aussi l&rsquo;expression de chacun. Les pr\u00e9sentations sont faites dans la joie, la spontan\u00e9it\u00e9 et la bonne humeur. Nous avons \u00e9galement eu l\u2019occasion de partager un repas \u00abauberge espagnole\u00bb\u00a0 avant la repr\u00e9sentation l\u2019opportunit\u00e9 pour tous de s\u2019impliquer dans la d\u00e9marche. En voil\u00e0 un bon pr\u00e9texte pour partager dans l\u2019informel, discuter et se retrouver dans les passions communes. Les jeunes ont \u00e9t\u00e9 sensibles \u00e0 ce sens de l\u2019accueil, le souci de l\u2019autre et les valeurs partag\u00e9es autour des mets d\u00e9licieux. Notre mission de sensibilisation et de pr\u00e9vention passe aussi par la rencontre, quelle qu\u2019elle soit, rencontrer les diff\u00e9rences et l\u2019inconnu, apprendre \u00e0 se parler, \u00e0 faire ensemble, surpasser les pr\u00e9jug\u00e9s et surtout d\u00e9couvrir l\u2019humain derri\u00e8re les statistiques et les discours m\u00e9diatiques. L&rsquo;heure du spectacle arrive et&#8230;C&rsquo;\u00e9tait g\u00e9nial ! \u00abTouchant\u00bb est le mot suspendu \u00e0 toutes les l\u00e8vres des jeunes (et des moins jeunes). Ensemble nous avons d\u00e9couvert le versant morose de la r\u00e9alit\u00e9 des MENA, parcours, violences administratives, s\u00e9paration des familles, humiliations, discriminations, racisme\u2026 Malgr\u00e9 les th\u00e9matiques fortes, le spectacle reste \u00e0 leur image : dr\u00f4le, profond, intelligent, r\u00e9silient, musical et dansant. Nous sommes travers\u00e9s par mille \u00e9motions diff\u00e9rentes, passant du rire aux larmes et inversement. \u00c0 la fin de la repr\u00e9sentation, un bord de sc\u00e8ne est organis\u00e9. L\u2019occasion de les f\u00e9liciter et de s\u2019\u00e9mouvoir avec eux du cadeau qu\u2019ils nous font \u00e0 travers leurs r\u00e9cits \u00ab Quand est-ce qu\u2019on les revoit ? \u00bbTous les jeunes ont exprim\u00e9 l\u2019envie de se retrouver sur d\u2019autres \u00e9v\u00e9nements, de transposer l\u2019exp\u00e9rience au-del\u00e0 d\u2019un instant. Nous les invitons volontiers \u00e0 notre spectacle du 29 avril au Centre Culturel de Dinant. Merci \u00e0 eux, \u00e0 leur \u00e9quipe solaire emplie de r\u00e9silience, pour le beau moment d\u2019humanit\u00e9 et de partage. Merci aux jeunes d\u2019ouvrir les portes \u00e0 la r\u00e9flexion et leurs c\u0153urs! A bient\u00f4t sur d\u2019autres planches ! Ana\u00efs Horrent<\/p>\n","protected":false},"author":5,"featured_media":1814,"comment_status":"closed","ping_status":"open","sticky":false,"template":"","format":"standard","meta":{"_eb_attr":"","ocean_post_layout":"","ocean_both_sidebars_style":"","ocean_both_sidebars_content_width":0,"ocean_both_sidebars_sidebars_width":0,"ocean_sidebar":"","ocean_second_sidebar":"","ocean_disable_margins":"enable","ocean_add_body_class":"","ocean_shortcode_before_top_bar":"","ocean_shortcode_after_top_bar":"","ocean_shortcode_before_header":"","ocean_shortcode_after_header":"","ocean_has_shortcode":"","ocean_shortcode_after_title":"","ocean_shortcode_before_footer_widgets":"","ocean_shortcode_after_footer_widgets":"","ocean_shortcode_before_footer_bottom":"","ocean_shortcode_after_footer_bottom":"","ocean_display_top_bar":"default","ocean_display_header":"default","ocean_header_style":"","ocean_center_header_left_menu":"","ocean_custom_header_template":"","ocean_custom_logo":0,"ocean_custom_retina_logo":0,"ocean_custom_logo_max_width":0,"ocean_custom_logo_tablet_max_width":0,"ocean_custom_logo_mobile_max_width":0,"ocean_custom_logo_max_height":0,"ocean_custom_logo_tablet_max_height":0,"ocean_custom_logo_mobile_max_height":0,"ocean_header_custom_menu":"","ocean_menu_typo_font_family":"","ocean_menu_typo_font_subset":"","ocean_menu_typo_font_size":0,"ocean_menu_typo_font_size_tablet":0,"ocean_menu_typo_font_size_mobile":0,"ocean_menu_typo_font_size_unit":"px","ocean_menu_typo_font_weight":"","ocean_menu_typo_font_weight_tablet":"","ocean_menu_typo_font_weight_mobile":"","ocean_menu_typo_transform":"","ocean_menu_typo_transform_tablet":"","ocean_menu_typo_transform_mobile":"","ocean_menu_typo_line_height":0,"ocean_menu_typo_line_height_tablet":0,"ocean_menu_typo_line_height_mobile":0,"ocean_menu_typo_line_height_unit":"","ocean_menu_typo_spacing":0,"ocean_menu_typo_spacing_tablet":0,"ocean_menu_typo_spacing_mobile":0,"ocean_menu_typo_spacing_unit":"","ocean_menu_link_color":"","ocean_menu_link_color_hover":"","ocean_menu_link_color_active":"","ocean_menu_link_background":"","ocean_menu_link_hover_background":"","ocean_menu_link_active_background":"","ocean_menu_social_links_bg":"","ocean_menu_social_hover_links_bg":"","ocean_menu_social_links_color":"","ocean_menu_social_hover_links_color":"","ocean_disable_title":"default","ocean_disable_heading":"default","ocean_post_title":"","ocean_post_subheading":"","ocean_post_title_style":"","ocean_post_title_background_color":"","ocean_post_title_background":0,"ocean_post_title_bg_image_position":"","ocean_post_title_bg_image_attachment":"","ocean_post_title_bg_image_repeat":"","ocean_post_title_bg_image_size":"","ocean_post_title_height":0,"ocean_post_title_bg_overlay":0.5,"ocean_post_title_bg_overlay_color":"","ocean_disable_breadcrumbs":"default","ocean_breadcrumbs_color":"","ocean_breadcrumbs_separator_color":"","ocean_breadcrumbs_links_color":"","ocean_breadcrumbs_links_hover_color":"","ocean_display_footer_widgets":"default","ocean_display_footer_bottom":"default","ocean_custom_footer_template":"","ocean_post_oembed":"","ocean_post_self_hosted_media":"","ocean_post_video_embed":"","ocean_link_format":"","ocean_link_format_target":"self","ocean_quote_format":"","ocean_quote_format_link":"post","ocean_gallery_link_images":"on","ocean_gallery_id":[],"footnotes":""},"categories":[27,38],"tags":[],"class_list":["post-1813","post","type-post","status-publish","format-standard","has-post-thumbnail","hentry","category-actions-diverses","category-hastiere","entry","has-media"],"_links":{"self":[{"href":"https:\/\/www.din-amo.be\/index.php?rest_route=\/wp\/v2\/posts\/1813","targetHints":{"allow":["GET"]}}],"collection":[{"href":"https:\/\/www.din-amo.be\/index.php?rest_route=\/wp\/v2\/posts"}],"about":[{"href":"https:\/\/www.din-amo.be\/index.php?rest_route=\/wp\/v2\/types\/post"}],"author":[{"embeddable":true,"href":"https:\/\/www.din-amo.be\/index.php?rest_route=\/wp\/v2\/users\/5"}],"replies":[{"embeddable":true,"href":"https:\/\/www.din-amo.be\/index.php?rest_route=%2Fwp%2Fv2%2Fcomments&post=1813"}],"version-history":[{"count":2,"href":"https:\/\/www.din-amo.be\/index.php?rest_route=\/wp\/v2\/posts\/1813\/revisions"}],"predecessor-version":[{"id":1817,"href":"https:\/\/www.din-amo.be\/index.php?rest_route=\/wp\/v2\/posts\/1813\/revisions\/1817"}],"wp:featuredmedia":[{"embeddable":true,"href":"https:\/\/www.din-amo.be\/index.php?rest_route=\/wp\/v2\/media\/1814"}],"wp:attachment":[{"href":"https:\/\/www.din-amo.be\/index.php?rest_route=%2Fwp%2Fv2%2Fmedia&parent=1813"}],"wp:term":[{"taxonomy":"category","embeddable":true,"href":"https:\/\/www.din-amo.be\/index.php?rest_route=%2Fwp%2Fv2%2Fcategories&post=1813"},{"taxonomy":"post_tag","embeddable":true,"href":"https:\/\/www.din-amo.be\/index.php?rest_route=%2Fwp%2Fv2%2Ftags&post=1813"}],"curies":[{"name":"wp","href":"https:\/\/api.w.org\/{rel}","templated":true}]}}