{"id":1337,"date":"2017-10-02T11:29:58","date_gmt":"2017-10-02T10:29:58","guid":{"rendered":"http:\/\/www.din-amo.be\/?p=1337"},"modified":"2017-10-02T11:29:58","modified_gmt":"2017-10-02T10:29:58","slug":"rencontre-et-nous","status":"publish","type":"post","link":"https:\/\/www.din-amo.be\/?p=1337","title":{"rendered":"Rencontre et Nous !"},"content":{"rendered":"<p style=\"text-align: justify;\">Dinamo participe actuellement \u00e0 l\u2019organisation d\u2019une double rencontre entre 4 publics de jeunes d\u2019horizons divers autour de l\u2019expression et du volontariat en milieu rural et urbain.<br \/>\nLors d\u2019une prise de contact pr\u00e9vue d\u00e9but d\u00e9cembre \u00e0 Namur, 20 jeunes, accompagn\u00e9s des encadrants des associations partenaires pr\u00e9pareront la suite du programme.<br \/>\nLes associations partenaires sont les suivantes : le service d\u2019accompagnement au volontariat \u00ab JAVVA \u00bb, l\u2019AMO \u00ab Atouts Jeunes \u00bb d\u2019Anderlecht et Molenbeek, le centre d\u2019accueil pour demandeurs d\u2019asile de Pondr\u00f4me et Dinamo<br \/>\nDu 1er au 7 avril 2018, les jeunes \u00ab ruraux \u00bb qui fr\u00e9quentent l\u2019Amo Dinamo et les MENAs (mineurs \u00e9trangers non accompagn\u00e9s) de FEDASIL, accueilleront les bruxellois \u00e0 Beauraing, en exp\u00e9rimentant un processus de cr\u00e9ation th\u00e9\u00e2trale collective.<br \/>\nLes jeunes se retrouveront \u00e9galement \u00e0 Bruxelles du 8 au 14 juillet 2018 pour d\u00e9couvrir leurs lieux de vie et construire ensemble du mobilier urbain en mat\u00e9riaux de r\u00e9cup\u00e9ration.<br \/>\nL\u2019id\u00e9e principale de ce projet, est de favoriser la rencontre et les \u00e9changes entre citoyens vivants des r\u00e9alit\u00e9s tr\u00e8s diff\u00e9rentes gr\u00e2ce au vivre et surtout faire ensemble et \u00e0 la d\u00e9couverte de l\u2019autre sans jugement.<br \/>\nCette aventure sera accessible \u00e0 5 jeunes entre 16 et 23 ans par association partenaire.<br \/>\nPlus d\u2019informations suivront tr\u00e8s prochainement.<\/p>\n<p style=\"text-align: justify;\">Qu\u2019on se le dise !<br \/>\nJean-jacques<\/p>\n<p style=\"text-align: justify;\">\n<p style=\"text-align: justify;\"><a href=\"http:\/\/www.din-amo.be\/wp-content\/uploads\/2017\/10\/Vtt-2011-117.jpg\"><img fetchpriority=\"high\" decoding=\"async\" width=\"1024\" height=\"768\" class=\"alignnone size-large wp-image-1338\" src=\"http:\/\/www.din-amo.be\/wp-content\/uploads\/2017\/10\/Vtt-2011-117-1024x768.jpg\" alt=\"Image d'archives\" srcset=\"https:\/\/www.din-amo.be\/wp-content\/uploads\/2017\/10\/Vtt-2011-117-1024x768.jpg 1024w, https:\/\/www.din-amo.be\/wp-content\/uploads\/2017\/10\/Vtt-2011-117-300x225.jpg 300w, https:\/\/www.din-amo.be\/wp-content\/uploads\/2017\/10\/Vtt-2011-117-600x450.jpg 600w, https:\/\/www.din-amo.be\/wp-content\/uploads\/2017\/10\/Vtt-2011-117-100x75.jpg 100w\" sizes=\"(max-width: 1024px) 100vw, 1024px\" \/><\/a><\/p>\n","protected":false},"excerpt":{"rendered":"<p>Dinamo participe actuellement \u00e0 l\u2019organisation d\u2019une double rencontre entre 4 publics de jeunes d\u2019horizons divers autour de l\u2019expression et du volontariat en milieu rural et urbain. Lors d\u2019une prise de contact pr\u00e9vue d\u00e9but d\u00e9cembre \u00e0 Namur, 20 jeunes, accompagn\u00e9s des encadrants des associations partenaires pr\u00e9pareront la suite du programme. Les associations partenaires sont les suivantes : le service d\u2019accompagnement au volontariat \u00ab JAVVA \u00bb, l\u2019AMO \u00ab Atouts Jeunes \u00bb d\u2019Anderlecht et Molenbeek, le centre d\u2019accueil pour demandeurs d\u2019asile de Pondr\u00f4me et Dinamo Du 1er au 7 avril 2018, les jeunes \u00ab ruraux \u00bb qui fr\u00e9quentent l\u2019Amo Dinamo et les MENAs (mineurs \u00e9trangers non accompagn\u00e9s) de FEDASIL, accueilleront les bruxellois \u00e0 Beauraing, en exp\u00e9rimentant un processus de cr\u00e9ation th\u00e9\u00e2trale collective. Les jeunes se retrouveront \u00e9galement \u00e0 Bruxelles du 8 au 14 juillet 2018 pour d\u00e9couvrir leurs lieux de vie et construire ensemble du mobilier urbain en mat\u00e9riaux de r\u00e9cup\u00e9ration. L\u2019id\u00e9e principale de ce projet, est de favoriser la rencontre et les \u00e9changes entre citoyens vivants des r\u00e9alit\u00e9s tr\u00e8s diff\u00e9rentes gr\u00e2ce au vivre et surtout faire ensemble et \u00e0 la d\u00e9couverte de l\u2019autre sans jugement. Cette aventure sera accessible \u00e0 5 jeunes entre 16 et 23 ans par association partenaire. Plus d\u2019informations suivront tr\u00e8s prochainement. Qu\u2019on se le dise ! Jean-jacques<\/p>\n","protected":false},"author":5,"featured_media":1339,"comment_status":"closed","ping_status":"open","sticky":false,"template":"","format":"standard","meta":{"_eb_attr":"","ocean_post_layout":"","ocean_both_sidebars_style":"","ocean_both_sidebars_content_width":0,"ocean_both_sidebars_sidebars_width":0,"ocean_sidebar":"","ocean_second_sidebar":"","ocean_disable_margins":"enable","ocean_add_body_class":"","ocean_shortcode_before_top_bar":"","ocean_shortcode_after_top_bar":"","ocean_shortcode_before_header":"","ocean_shortcode_after_header":"","ocean_has_shortcode":"","ocean_shortcode_after_title":"","ocean_shortcode_before_footer_widgets":"","ocean_shortcode_after_footer_widgets":"","ocean_shortcode_before_footer_bottom":"","ocean_shortcode_after_footer_bottom":"","ocean_display_top_bar":"default","ocean_display_header":"default","ocean_header_style":"","ocean_center_header_left_menu":"","ocean_custom_header_template":"","ocean_custom_logo":0,"ocean_custom_retina_logo":0,"ocean_custom_logo_max_width":0,"ocean_custom_logo_tablet_max_width":0,"ocean_custom_logo_mobile_max_width":0,"ocean_custom_logo_max_height":0,"ocean_custom_logo_tablet_max_height":0,"ocean_custom_logo_mobile_max_height":0,"ocean_header_custom_menu":"","ocean_menu_typo_font_family":"","ocean_menu_typo_font_subset":"","ocean_menu_typo_font_size":0,"ocean_menu_typo_font_size_tablet":0,"ocean_menu_typo_font_size_mobile":0,"ocean_menu_typo_font_size_unit":"px","ocean_menu_typo_font_weight":"","ocean_menu_typo_font_weight_tablet":"","ocean_menu_typo_font_weight_mobile":"","ocean_menu_typo_transform":"","ocean_menu_typo_transform_tablet":"","ocean_menu_typo_transform_mobile":"","ocean_menu_typo_line_height":0,"ocean_menu_typo_line_height_tablet":0,"ocean_menu_typo_line_height_mobile":0,"ocean_menu_typo_line_height_unit":"","ocean_menu_typo_spacing":0,"ocean_menu_typo_spacing_tablet":0,"ocean_menu_typo_spacing_mobile":0,"ocean_menu_typo_spacing_unit":"","ocean_menu_link_color":"","ocean_menu_link_color_hover":"","ocean_menu_link_color_active":"","ocean_menu_link_background":"","ocean_menu_link_hover_background":"","ocean_menu_link_active_background":"","ocean_menu_social_links_bg":"","ocean_menu_social_hover_links_bg":"","ocean_menu_social_links_color":"","ocean_menu_social_hover_links_color":"","ocean_disable_title":"default","ocean_disable_heading":"default","ocean_post_title":"","ocean_post_subheading":"","ocean_post_title_style":"","ocean_post_title_background_color":"","ocean_post_title_background":0,"ocean_post_title_bg_image_position":"","ocean_post_title_bg_image_attachment":"","ocean_post_title_bg_image_repeat":"","ocean_post_title_bg_image_size":"","ocean_post_title_height":0,"ocean_post_title_bg_overlay":0.5,"ocean_post_title_bg_overlay_color":"","ocean_disable_breadcrumbs":"default","ocean_breadcrumbs_color":"","ocean_breadcrumbs_separator_color":"","ocean_breadcrumbs_links_color":"","ocean_breadcrumbs_links_hover_color":"","ocean_display_footer_widgets":"default","ocean_display_footer_bottom":"default","ocean_custom_footer_template":"","ocean_post_oembed":"","ocean_post_self_hosted_media":"","ocean_post_video_embed":"","ocean_link_format":"","ocean_link_format_target":"self","ocean_quote_format":"","ocean_quote_format_link":"post","ocean_gallery_link_images":"on","ocean_gallery_id":[],"footnotes":""},"categories":[1],"tags":[],"class_list":["post-1337","post","type-post","status-publish","format-standard","has-post-thumbnail","hentry","category-non-classe","entry","has-media"],"_links":{"self":[{"href":"https:\/\/www.din-amo.be\/index.php?rest_route=\/wp\/v2\/posts\/1337","targetHints":{"allow":["GET"]}}],"collection":[{"href":"https:\/\/www.din-amo.be\/index.php?rest_route=\/wp\/v2\/posts"}],"about":[{"href":"https:\/\/www.din-amo.be\/index.php?rest_route=\/wp\/v2\/types\/post"}],"author":[{"embeddable":true,"href":"https:\/\/www.din-amo.be\/index.php?rest_route=\/wp\/v2\/users\/5"}],"replies":[{"embeddable":true,"href":"https:\/\/www.din-amo.be\/index.php?rest_route=%2Fwp%2Fv2%2Fcomments&post=1337"}],"version-history":[{"count":2,"href":"https:\/\/www.din-amo.be\/index.php?rest_route=\/wp\/v2\/posts\/1337\/revisions"}],"predecessor-version":[{"id":1341,"href":"https:\/\/www.din-amo.be\/index.php?rest_route=\/wp\/v2\/posts\/1337\/revisions\/1341"}],"wp:featuredmedia":[{"embeddable":true,"href":"https:\/\/www.din-amo.be\/index.php?rest_route=\/wp\/v2\/media\/1339"}],"wp:attachment":[{"href":"https:\/\/www.din-amo.be\/index.php?rest_route=%2Fwp%2Fv2%2Fmedia&parent=1337"}],"wp:term":[{"taxonomy":"category","embeddable":true,"href":"https:\/\/www.din-amo.be\/index.php?rest_route=%2Fwp%2Fv2%2Fcategories&post=1337"},{"taxonomy":"post_tag","embeddable":true,"href":"https:\/\/www.din-amo.be\/index.php?rest_route=%2Fwp%2Fv2%2Ftags&post=1337"}],"curies":[{"name":"wp","href":"https:\/\/api.w.org\/{rel}","templated":true}]}}